{"id":3789,"date":"2024-05-24T05:14:00","date_gmt":"2024-05-24T05:14:00","guid":{"rendered":"https:\/\/lrgrealty.com\/da-de-los-cados-una-carta-abierta-de-levi-rodgers\/"},"modified":"2026-08-14T12:17:23","modified_gmt":"2026-08-14T17:17:23","slug":"da-de-los-cados-una-carta-abierta-de-levi-rodgers","status":"publish","type":"post","link":"https:\/\/lrgrealty.com\/spanish-blog\/da-de-los-cados-una-carta-abierta-de-levi-rodgers\/","title":{"rendered":"D\u00eda de los Ca\u00eddos: una carta abierta de Levi Rodgers"},"content":{"rendered":"<div class=\"blog-list-article-content-body\">\n<div class=\"sqs-layout sqs-grid-12 columns-12\" data-layout-label=\"Post Body\" data-type=\"item\" data-updated-on=\"1719119669463\" id=\"item-6677af223d02161dbf104ac6\">\n<div class=\"row sqs-row\">\n<div class=\"col sqs-col-12 span-12\">\n<div class=\"sqs-block html-block sqs-block-html\" data-block-type=\"2\" data-sqsp-block=\"text\" id=\"block-d4347d99d62b24fde132\">\n<div class=\"sqs-block-content\">\n<div class=\"sqs-html-content\" data-sqsp-text-block-content=\"\">\n<p class=\"\" style=\"white-space:pre-wrap;\">El D\u00eda de los Ca\u00eddos est\u00e1 tradicionalmente marcado por una reflexi\u00f3n sombr\u00eda y un recuerdo solemne. Despu\u00e9s de servir como Boina Verde y perder a 4 hombres que estaban bajo mi mando cuando regres\u00e1bamos de una misi\u00f3n, me siento obligado a compartir una perspectiva diferente al gui\u00f3n tradicional que se publica.\u00a0<\/p>\n<p class=\"\" style=\"white-space:pre-wrap;\">\u00a0<\/p>\n<p class=\"\" style=\"white-space:pre-wrap;\">S\u00ed, tengo dolor todos los malditos d\u00edas, pero tambi\u00e9n tengo una responsabilidad y un compromiso, ya que el servicio no termina con la jubilaci\u00f3n. Entonces, mientras me siento en el aeropuerto y escribo esto mientras espero mi vuelo, abr\u00f3chese el cintur\u00f3n, ya que puede haber un poco de baches.\u00a0 En la carta de este a\u00f1o s\u00f3lo voy a hablar desde el coraz\u00f3n.\u00a0\u00a0\u00a0<\/p>\n<p class=\"\" style=\"white-space:pre-wrap;\"><\/p>\n<p class=\"\" style=\"white-space:pre-wrap;\">S\u00ed, el D\u00eda de los Ca\u00eddos es un momento para honrar y recordar a quienes hicieron el m\u00e1ximo sacrificio y murieron al servicio de nuestro pa\u00eds. Es un d\u00eda para rendir homenaje a los valientes hombres y mujeres que han dado sus vidas para defender nuestras libertades. Animo a todos a que tambi\u00e9n se tomen el tiempo hoy para respetar y honrar a las familias de nuestros hombres y mujeres militares ca\u00eddos. Estas familias Gold Star a menudo se pasan por alto cuando se trata del D\u00eda de los Ca\u00eddos; recordemos a esas familias que perdieron una parte de s\u00ed mismas.<\/p>\n<p class=\"\" style=\"white-space:pre-wrap;\"><\/p>\n<p class=\"\" style=\"white-space:pre-wrap;\">Si bien nunca debemos olvidar sus sacrificios, creo que tambi\u00e9n es importante celebrar la vida que tenemos y la resiliencia de quienes han servido. A menudo me pregunto c\u00f3mo me sentir\u00eda si fuera uno de los hombres que perdieron la vida en esa fat\u00eddica noche en la que murieron mis hombres: el 15 de septiembre de 2009. Me siento y me pregunto qu\u00e9 estar\u00eda pensando si fuera yo mirando el mundo desde arriba. \u00bfQu\u00e9 querr\u00eda que hicieran mi familia, mis amigos y aquellos a quienes serv\u00ed? Y luego me golpea\u2026 me golpea fuerte. Estoy sentado aqu\u00ed en un aeropuerto escribiendo esto y llorando durante mi desayuno, pero luego las l\u00e1grimas que corren por mi rostro de repente se secan mientras pienso en toda la diversi\u00f3n y los buenos momentos que tambi\u00e9n tuve con los hombres con los que serv\u00ed, y eso es Al hacerlo, me gustar\u00eda que todos los que amo tuvieran la vida m\u00e1s incre\u00edble posible, patearan la vida en el trasero, difundieran alegr\u00eda y celebraran la maravilla de la vida con la que hemos sido bendecidos. Tambi\u00e9n agradecer\u00eda el honor y el respeto. Me alegrar\u00eda que la gente se tomara el tiempo de llamar a mi familia y brindar al cielo en mi honor, pero luego me gustar\u00eda que las l\u00e1grimas dejaran de rodar y comenzaran la risa y la alegr\u00eda.\u00a0\u00a0\u00a0<\/p>\n<p class=\"\" style=\"white-space:pre-wrap;\"><\/p>\n<p class=\"\" style=\"white-space:pre-wrap;\">Ver\u00e1&#8230; con demasiada frecuencia, nosotros en la comunidad de veteranos dejamos que nuestras experiencias nos controlen, pero no deber\u00edamos hacerlo. Lo mejor que podemos hacer para honrar a aquellos que pagaron el m\u00e1ximo sacrificio y a sus familias es vivir la mejor vida que humanamente podamos imaginar y difundir alegr\u00eda y oportunidades a todos dentro de nuestra influencia, punto. \u00c9so es lo que hacemos.\u00a0\u00a0\u00a0<\/p>\n<p class=\"\" style=\"white-space:pre-wrap;\"><\/p>\n<p class=\"\" style=\"white-space:pre-wrap;\">Lo que me lleva al siguiente tema: el suicidio. \u00a1Deja de hacerlo! Lo entiendo. La lucha es real. El dolor es real. Estoy cansado de ver a hombres y mujeres maravillosos sucumbir a los demonios de su servicio. Es hora de apropiarse de ella como comunidad y ayudar a sus amigos y a aquellos con quienes sirvi\u00f3 a escuchar el mensaje anterior. No dejes que estos demonios te controlen y toma la decisi\u00f3n consciente de que el camino para honrar a nuestra gente que perdi\u00f3 la vida y honrar a sus familias que dejaron atr\u00e1s es aprovechar esa oportunidad que se te ha dado, llamada vida. \u00a1V\u00edvelo lo mejor que puedas, de una manera que te parezca adecuada! Divi\u00e9rtete y disfruta hoy. Est\u00e1 bien hacer una barbacoa, est\u00e1 bien irse de vacaciones y celebrar el d\u00eda. \u00bfPor qu\u00e9?\u00a0 \u00a1Porque eso es exactamente lo que querr\u00edan que hicieras aquellos que perdieron la vida apoyando a nuestro maravilloso pa\u00eds!<\/p>\n<p class=\"\" style=\"white-space:pre-wrap;\"><\/p>\n<p class=\"\" style=\"white-space:pre-wrap;\">Cambiemos el gui\u00f3n y dejemos de ver el suicidio como una soluci\u00f3n a nuestros problemas y miremos a esos demonios a la cara y digamos nunca m\u00e1s, nunca m\u00e1s permitir\u00e9 que me controles, nunca m\u00e1s permitir\u00e9 que dejes de honrar los recuerdos de aquellos. He servido con. Y NUNCA M\u00c1S dejar\u00e9 pasar un d\u00eda sin hacer todo lo posible para vivirlo al m\u00e1ximo.\u00a0\u00a0<\/p>\n<p class=\"\" style=\"white-space:pre-wrap;\">Para concluir\u2026\u00a0<\/p>\n<p class=\"\" style=\"white-space:pre-wrap;\"><\/p>\n<p class=\"\" style=\"white-space:pre-wrap;\">Hoy, en este D\u00eda de los Ca\u00eddos, quiero tomarme un momento para celebrar a los combatientes que tomaron la dif\u00edcil decisi\u00f3n de pedir AYUDA y que no dejaron que sus demonios se apoderaran de ellos.\u00a0 Algunas de estas personas trabajan hoy en nuestra empresa y estoy muy orgulloso de tenerlas en el equipo. Han enfrentado los horrores del combate y se niegan a dejar que sus luchas los definan. H\u00e9roes que han visto duros combates pero que siguen apareciendo. Personas que redefinieron sus vidas y encontraron sus razones para vivir.\u00a0\u00a0<\/p>\n<p class=\"\" style=\"white-space:pre-wrap;\"><\/p>\n<p class=\"\" style=\"white-space:pre-wrap;\">M\u00e1s que nada, quiero que todos aprecien esta maravillosa oportunidad de vida con la que hemos sido bendecidos.\u00a0 Pero veo a muchos de mis compa\u00f1eros veteranos luchando y sin poder hacer precisamente eso.\u00a0 Pero siento que cambiar ese rumbo comienza con una decisi\u00f3n, una decisi\u00f3n de actuar.\u00a0\u00a0<\/p>\n<p class=\"\" style=\"white-space:pre-wrap;\"><\/p>\n<p class=\"\" style=\"white-space:pre-wrap;\">A aquellos que est\u00e1n luchando en este D\u00eda de los Ca\u00eddos, les ruego que redefinan su &#8216;por qu\u00e9&#8217;. Redefinan su raz\u00f3n para permanecer en esta lucha actual. Si est\u00e1n luchando, les ruego que pidan ayuda y encuentren su raz\u00f3n para comenzar a disfrutar. en la vida. Puedes hacerlo y lo har\u00e1s con el apoyo adecuado. \u00a1Encuentra tu chispa y cu\u00eddala hasta que crezca!\u00a0<\/p>\n<p class=\"\" style=\"white-space:pre-wrap;\"><\/p>\n<p class=\"\" style=\"white-space:pre-wrap;\">En este D\u00eda de los Ca\u00eddos, propongo un enfoque diferente. Todav\u00eda tomemos algunos momentos s\u00f3lidos para recordar a aquellos que hemos perdido, lamentar su ausencia y honrar su memoria. Y celebremos tambi\u00e9n la resiliencia de nuestros Veteranos que contin\u00faan perseverando. Hay una fuerza como ninguna otra.\u00a0<\/p>\n<p class=\"\" style=\"white-space:pre-wrap;\"><\/p>\n<p class=\"\" style=\"white-space:pre-wrap;\">Haga una barbacoa y ahorre algo de dinero en electrodom\u00e9sticos, todo eso est\u00e1 totalmente bien. Adem\u00e1s, est\u00e1 perfectamente bien reunirse con amigos y familiares y disfrutar de las libertades por las que lucharon y murieron aquellos que pagaron el m\u00e1ximo sacrificio. Y recuerda siempre que la mejor manera de honrar a los ca\u00eddos es viviendo nuestras vidas al m\u00e1ximo.\u00a0<\/p>\n<p class=\"\" style=\"white-space:pre-wrap;\"><\/p>\n<p class=\"\" style=\"white-space:pre-wrap;\">El D\u00eda de los Ca\u00eddos tambi\u00e9n es un momento para celebrar la vida. Puedo hablar por mis amigos y compa\u00f1eros soldados que ya no est\u00e1n con nosotros y nos miran desde arriba, y no quieren ver a sus compa\u00f1eros de guerra viviendo un d\u00eda triste. Quieren vernos celebrando y apreciando el precioso regalo de la VIDA y la LIBERTAD.<\/p>\n<\/div>\n<\/div>\n<\/div>\n<\/div>\n<\/div>\n<\/div>\n<\/div>\n","protected":false},"excerpt":{"rendered":"<p>El D\u00eda de los Ca\u00eddos est\u00e1 tradicionalmente marcado por una reflexi\u00f3n sombr\u00eda y un recuerdo solemne. Despu\u00e9s de servir como Boina Verde y perder a 4 hombres que estaban bajo mi mando cuando regres\u00e1bamos de una misi\u00f3n, me siento obligado a compartir una perspectiva diferente al gui\u00f3n tradicional que se publica.\u00a0 \u00a0 S\u00ed, tengo dolor [&hellip;]<\/p>\n","protected":false},"author":1,"featured_media":7730,"comment_status":"closed","ping_status":"open","sticky":false,"template":"","format":"standard","meta":{"footnotes":""},"categories":[61],"tags":[],"class_list":["post-3789","post","type-post","status-publish","format-standard","has-post-thumbnail","hentry","category-spanish-blog"],"yoast_head":"<!-- This site is optimized with the Yoast SEO plugin v27.8 - https:\/\/yoast.com\/product\/yoast-seo-wordpress\/ -->\n<title>D\u00eda de los Ca\u00eddos: una carta abierta de Levi Rodgers - LRG Realty Blog<\/title>\n<meta name=\"description\" content=\"Carta abierta de Levi Rodgers sobre el D\u00eda de los Ca\u00eddos: honra a los ca\u00eddos, a las familias Gold Star y la resiliencia de quienes sirvieron\" \/>\n<meta name=\"robots\" content=\"index, follow, max-snippet:-1, max-image-preview:large, max-video-preview:-1\" \/>\n<link rel=\"canonical\" href=\"https:\/\/lrgrealty.com\/spanish-blog\/da-de-los-cados-una-carta-abierta-de-levi-rodgers\/\" \/>\n<meta property=\"og:locale\" content=\"en_US\" \/>\n<meta property=\"og:type\" content=\"article\" \/>\n<meta property=\"og:title\" content=\"D\u00eda de los Ca\u00eddos: una carta abierta de Levi Rodgers - LRG Realty Blog\" \/>\n<meta property=\"og:description\" content=\"Carta abierta de Levi Rodgers sobre el D\u00eda de los Ca\u00eddos: honra a los ca\u00eddos, a las familias Gold Star y la resiliencia de quienes sirvieron\" \/>\n<meta property=\"og:url\" content=\"https:\/\/lrgrealty.com\/spanish-blog\/da-de-los-cados-una-carta-abierta-de-levi-rodgers\/\" \/>\n<meta property=\"og:site_name\" content=\"LRG Realty Blog\" \/>\n<meta property=\"article:published_time\" content=\"2024-05-24T05:14:00+00:00\" \/>\n<meta property=\"article:modified_time\" content=\"2026-08-14T17:17:23+00:00\" \/>\n<meta property=\"og:image\" content=\"https:\/\/lrgrealty.com\/wp-content\/uploads\/2026\/06\/lrg-featured-3789.jpg\" \/>\n\t<meta property=\"og:image:width\" content=\"1536\" \/>\n\t<meta property=\"og:image:height\" content=\"1024\" \/>\n\t<meta property=\"og:image:type\" content=\"image\/jpeg\" \/>\n<meta name=\"author\" content=\"Levi Rodgers\" \/>\n<meta name=\"twitter:card\" content=\"summary_large_image\" \/>\n<meta name=\"twitter:label1\" content=\"Written by\" \/>\n\t<meta name=\"twitter:data1\" content=\"Levi Rodgers\" \/>\n\t<meta name=\"twitter:label2\" content=\"Est. reading time\" \/>\n\t<meta name=\"twitter:data2\" content=\"6 minutes\" \/>\n<script type=\"application\/ld+json\" class=\"yoast-schema-graph\">{\"@context\":\"https:\\\/\\\/schema.org\",\"@graph\":[{\"@type\":\"Article\",\"@id\":\"https:\\\/\\\/lrgrealty.com\\\/spanish-blog\\\/da-de-los-cados-una-carta-abierta-de-levi-rodgers\\\/#article\",\"isPartOf\":{\"@id\":\"https:\\\/\\\/lrgrealty.com\\\/spanish-blog\\\/da-de-los-cados-una-carta-abierta-de-levi-rodgers\\\/\"},\"author\":{\"name\":\"Levi Rodgers\",\"@id\":\"https:\\\/\\\/lrgrealty.com\\\/lrg-blog\\\/#\\\/schema\\\/person\\\/4cf56ff41820927c9b7945c11af62bdd\"},\"headline\":\"D\u00eda de los Ca\u00eddos: una carta abierta de Levi Rodgers\",\"datePublished\":\"2024-05-24T05:14:00+00:00\",\"dateModified\":\"2026-08-14T17:17:23+00:00\",\"mainEntityOfPage\":{\"@id\":\"https:\\\/\\\/lrgrealty.com\\\/spanish-blog\\\/da-de-los-cados-una-carta-abierta-de-levi-rodgers\\\/\"},\"wordCount\":1193,\"image\":{\"@id\":\"https:\\\/\\\/lrgrealty.com\\\/spanish-blog\\\/da-de-los-cados-una-carta-abierta-de-levi-rodgers\\\/#primaryimage\"},\"thumbnailUrl\":\"https:\\\/\\\/lrgrealty.com\\\/wp-content\\\/uploads\\\/2026\\\/06\\\/lrg-featured-3789.jpg\",\"articleSection\":[\"Spanish Blog\"],\"inLanguage\":\"en-US\"},{\"@type\":\"WebPage\",\"@id\":\"https:\\\/\\\/lrgrealty.com\\\/spanish-blog\\\/da-de-los-cados-una-carta-abierta-de-levi-rodgers\\\/\",\"url\":\"https:\\\/\\\/lrgrealty.com\\\/spanish-blog\\\/da-de-los-cados-una-carta-abierta-de-levi-rodgers\\\/\",\"name\":\"D\u00eda de los Ca\u00eddos: una carta abierta de Levi Rodgers - LRG Realty Blog\",\"isPartOf\":{\"@id\":\"https:\\\/\\\/lrgrealty.com\\\/lrg-blog\\\/#website\"},\"primaryImageOfPage\":{\"@id\":\"https:\\\/\\\/lrgrealty.com\\\/spanish-blog\\\/da-de-los-cados-una-carta-abierta-de-levi-rodgers\\\/#primaryimage\"},\"image\":{\"@id\":\"https:\\\/\\\/lrgrealty.com\\\/spanish-blog\\\/da-de-los-cados-una-carta-abierta-de-levi-rodgers\\\/#primaryimage\"},\"thumbnailUrl\":\"https:\\\/\\\/lrgrealty.com\\\/wp-content\\\/uploads\\\/2026\\\/06\\\/lrg-featured-3789.jpg\",\"datePublished\":\"2024-05-24T05:14:00+00:00\",\"dateModified\":\"2026-08-14T17:17:23+00:00\",\"author\":{\"@id\":\"https:\\\/\\\/lrgrealty.com\\\/lrg-blog\\\/#\\\/schema\\\/person\\\/4cf56ff41820927c9b7945c11af62bdd\"},\"description\":\"Carta abierta de Levi Rodgers sobre el D\u00eda de los Ca\u00eddos: honra a los ca\u00eddos, a las familias Gold Star y la resiliencia de quienes sirvieron\",\"breadcrumb\":{\"@id\":\"https:\\\/\\\/lrgrealty.com\\\/spanish-blog\\\/da-de-los-cados-una-carta-abierta-de-levi-rodgers\\\/#breadcrumb\"},\"inLanguage\":\"en-US\",\"potentialAction\":[{\"@type\":\"ReadAction\",\"target\":[\"https:\\\/\\\/lrgrealty.com\\\/spanish-blog\\\/da-de-los-cados-una-carta-abierta-de-levi-rodgers\\\/\"]}]},{\"@type\":\"ImageObject\",\"inLanguage\":\"en-US\",\"@id\":\"https:\\\/\\\/lrgrealty.com\\\/spanish-blog\\\/da-de-los-cados-una-carta-abierta-de-levi-rodgers\\\/#primaryimage\",\"url\":\"https:\\\/\\\/lrgrealty.com\\\/wp-content\\\/uploads\\\/2026\\\/06\\\/lrg-featured-3789.jpg\",\"contentUrl\":\"https:\\\/\\\/lrgrealty.com\\\/wp-content\\\/uploads\\\/2026\\\/06\\\/lrg-featured-3789.jpg\",\"width\":1536,\"height\":1024},{\"@type\":\"BreadcrumbList\",\"@id\":\"https:\\\/\\\/lrgrealty.com\\\/spanish-blog\\\/da-de-los-cados-una-carta-abierta-de-levi-rodgers\\\/#breadcrumb\",\"itemListElement\":[{\"@type\":\"ListItem\",\"position\":1,\"name\":\"Home\",\"item\":\"https:\\\/\\\/lrgrealty.com\\\/lrg-blog\\\/\"},{\"@type\":\"ListItem\",\"position\":2,\"name\":\"D\u00eda de los Ca\u00eddos: una carta abierta de Levi Rodgers\"}]},{\"@type\":\"WebSite\",\"@id\":\"https:\\\/\\\/lrgrealty.com\\\/lrg-blog\\\/#website\",\"url\":\"https:\\\/\\\/lrgrealty.com\\\/lrg-blog\\\/\",\"name\":\"LRG Realty Blog\",\"description\":\"LRG Realty Blog\",\"potentialAction\":[{\"@type\":\"SearchAction\",\"target\":{\"@type\":\"EntryPoint\",\"urlTemplate\":\"https:\\\/\\\/lrgrealty.com\\\/lrg-blog\\\/?s={search_term_string}\"},\"query-input\":{\"@type\":\"PropertyValueSpecification\",\"valueRequired\":true,\"valueName\":\"search_term_string\"}}],\"inLanguage\":\"en-US\"},{\"@type\":\"Person\",\"@id\":\"https:\\\/\\\/lrgrealty.com\\\/lrg-blog\\\/#\\\/schema\\\/person\\\/4cf56ff41820927c9b7945c11af62bdd\",\"name\":\"Levi Rodgers\",\"image\":{\"@type\":\"ImageObject\",\"inLanguage\":\"en-US\",\"@id\":\"https:\\\/\\\/secure.gravatar.com\\\/avatar\\\/bbd74b65fb346f531071ca7aa6e41c129102826206de2fe4fbd316458379111a?s=96&d=mm&r=g\",\"url\":\"https:\\\/\\\/secure.gravatar.com\\\/avatar\\\/bbd74b65fb346f531071ca7aa6e41c129102826206de2fe4fbd316458379111a?s=96&d=mm&r=g\",\"contentUrl\":\"https:\\\/\\\/secure.gravatar.com\\\/avatar\\\/bbd74b65fb346f531071ca7aa6e41c129102826206de2fe4fbd316458379111a?s=96&d=mm&r=g\",\"caption\":\"Levi Rodgers\"},\"description\":\"Levi Rodgers is the Owner of The Levi Rodgers Real Estate Group in San Antonio. A retired Special Forces Green Beret and Purple Heart recipient, Levi brings the same discipline and commitment from his Military career to leading one of the country's most successful real estate teams, built on Service, Guidance, and Expertise.\",\"sameAs\":[\"https:\\\/\\\/lrgrealty.com\"],\"url\":\"https:\\\/\\\/lrgrealty.com\\\/lrg-blog\\\/author\\\/lrgrealtyblogs\\\/\"}]}<\/script>\n<!-- \/ Yoast SEO plugin. -->","yoast_head_json":{"title":"D\u00eda de los Ca\u00eddos: una carta abierta de Levi Rodgers - LRG Realty Blog","description":"Carta abierta de Levi Rodgers sobre el D\u00eda de los Ca\u00eddos: honra a los ca\u00eddos, a las familias Gold Star y la resiliencia de quienes sirvieron","robots":{"index":"index","follow":"follow","max-snippet":"max-snippet:-1","max-image-preview":"max-image-preview:large","max-video-preview":"max-video-preview:-1"},"canonical":"https:\/\/lrgrealty.com\/spanish-blog\/da-de-los-cados-una-carta-abierta-de-levi-rodgers\/","og_locale":"en_US","og_type":"article","og_title":"D\u00eda de los Ca\u00eddos: una carta abierta de Levi Rodgers - LRG Realty Blog","og_description":"Carta abierta de Levi Rodgers sobre el D\u00eda de los Ca\u00eddos: honra a los ca\u00eddos, a las familias Gold Star y la resiliencia de quienes sirvieron","og_url":"https:\/\/lrgrealty.com\/spanish-blog\/da-de-los-cados-una-carta-abierta-de-levi-rodgers\/","og_site_name":"LRG Realty Blog","article_published_time":"2024-05-24T05:14:00+00:00","article_modified_time":"2026-08-14T17:17:23+00:00","og_image":[{"width":1536,"height":1024,"url":"https:\/\/lrgrealty.com\/wp-content\/uploads\/2026\/06\/lrg-featured-3789.jpg","type":"image\/jpeg"}],"author":"Levi Rodgers","twitter_card":"summary_large_image","twitter_misc":{"Written by":"Levi Rodgers","Est. reading time":"6 minutes"},"schema":{"@context":"https:\/\/schema.org","@graph":[{"@type":"Article","@id":"https:\/\/lrgrealty.com\/spanish-blog\/da-de-los-cados-una-carta-abierta-de-levi-rodgers\/#article","isPartOf":{"@id":"https:\/\/lrgrealty.com\/spanish-blog\/da-de-los-cados-una-carta-abierta-de-levi-rodgers\/"},"author":{"name":"Levi Rodgers","@id":"https:\/\/lrgrealty.com\/lrg-blog\/#\/schema\/person\/4cf56ff41820927c9b7945c11af62bdd"},"headline":"D\u00eda de los Ca\u00eddos: una carta abierta de Levi Rodgers","datePublished":"2024-05-24T05:14:00+00:00","dateModified":"2026-08-14T17:17:23+00:00","mainEntityOfPage":{"@id":"https:\/\/lrgrealty.com\/spanish-blog\/da-de-los-cados-una-carta-abierta-de-levi-rodgers\/"},"wordCount":1193,"image":{"@id":"https:\/\/lrgrealty.com\/spanish-blog\/da-de-los-cados-una-carta-abierta-de-levi-rodgers\/#primaryimage"},"thumbnailUrl":"https:\/\/lrgrealty.com\/wp-content\/uploads\/2026\/06\/lrg-featured-3789.jpg","articleSection":["Spanish Blog"],"inLanguage":"en-US"},{"@type":"WebPage","@id":"https:\/\/lrgrealty.com\/spanish-blog\/da-de-los-cados-una-carta-abierta-de-levi-rodgers\/","url":"https:\/\/lrgrealty.com\/spanish-blog\/da-de-los-cados-una-carta-abierta-de-levi-rodgers\/","name":"D\u00eda de los Ca\u00eddos: una carta abierta de Levi Rodgers - LRG Realty Blog","isPartOf":{"@id":"https:\/\/lrgrealty.com\/lrg-blog\/#website"},"primaryImageOfPage":{"@id":"https:\/\/lrgrealty.com\/spanish-blog\/da-de-los-cados-una-carta-abierta-de-levi-rodgers\/#primaryimage"},"image":{"@id":"https:\/\/lrgrealty.com\/spanish-blog\/da-de-los-cados-una-carta-abierta-de-levi-rodgers\/#primaryimage"},"thumbnailUrl":"https:\/\/lrgrealty.com\/wp-content\/uploads\/2026\/06\/lrg-featured-3789.jpg","datePublished":"2024-05-24T05:14:00+00:00","dateModified":"2026-08-14T17:17:23+00:00","author":{"@id":"https:\/\/lrgrealty.com\/lrg-blog\/#\/schema\/person\/4cf56ff41820927c9b7945c11af62bdd"},"description":"Carta abierta de Levi Rodgers sobre el D\u00eda de los Ca\u00eddos: honra a los ca\u00eddos, a las familias Gold Star y la resiliencia de quienes sirvieron","breadcrumb":{"@id":"https:\/\/lrgrealty.com\/spanish-blog\/da-de-los-cados-una-carta-abierta-de-levi-rodgers\/#breadcrumb"},"inLanguage":"en-US","potentialAction":[{"@type":"ReadAction","target":["https:\/\/lrgrealty.com\/spanish-blog\/da-de-los-cados-una-carta-abierta-de-levi-rodgers\/"]}]},{"@type":"ImageObject","inLanguage":"en-US","@id":"https:\/\/lrgrealty.com\/spanish-blog\/da-de-los-cados-una-carta-abierta-de-levi-rodgers\/#primaryimage","url":"https:\/\/lrgrealty.com\/wp-content\/uploads\/2026\/06\/lrg-featured-3789.jpg","contentUrl":"https:\/\/lrgrealty.com\/wp-content\/uploads\/2026\/06\/lrg-featured-3789.jpg","width":1536,"height":1024},{"@type":"BreadcrumbList","@id":"https:\/\/lrgrealty.com\/spanish-blog\/da-de-los-cados-una-carta-abierta-de-levi-rodgers\/#breadcrumb","itemListElement":[{"@type":"ListItem","position":1,"name":"Home","item":"https:\/\/lrgrealty.com\/lrg-blog\/"},{"@type":"ListItem","position":2,"name":"D\u00eda de los Ca\u00eddos: una carta abierta de Levi Rodgers"}]},{"@type":"WebSite","@id":"https:\/\/lrgrealty.com\/lrg-blog\/#website","url":"https:\/\/lrgrealty.com\/lrg-blog\/","name":"LRG Realty Blog","description":"LRG Realty Blog","potentialAction":[{"@type":"SearchAction","target":{"@type":"EntryPoint","urlTemplate":"https:\/\/lrgrealty.com\/lrg-blog\/?s={search_term_string}"},"query-input":{"@type":"PropertyValueSpecification","valueRequired":true,"valueName":"search_term_string"}}],"inLanguage":"en-US"},{"@type":"Person","@id":"https:\/\/lrgrealty.com\/lrg-blog\/#\/schema\/person\/4cf56ff41820927c9b7945c11af62bdd","name":"Levi Rodgers","image":{"@type":"ImageObject","inLanguage":"en-US","@id":"https:\/\/secure.gravatar.com\/avatar\/bbd74b65fb346f531071ca7aa6e41c129102826206de2fe4fbd316458379111a?s=96&d=mm&r=g","url":"https:\/\/secure.gravatar.com\/avatar\/bbd74b65fb346f531071ca7aa6e41c129102826206de2fe4fbd316458379111a?s=96&d=mm&r=g","contentUrl":"https:\/\/secure.gravatar.com\/avatar\/bbd74b65fb346f531071ca7aa6e41c129102826206de2fe4fbd316458379111a?s=96&d=mm&r=g","caption":"Levi Rodgers"},"description":"Levi Rodgers is the Owner of The Levi Rodgers Real Estate Group in San Antonio. A retired Special Forces Green Beret and Purple Heart recipient, Levi brings the same discipline and commitment from his Military career to leading one of the country's most successful real estate teams, built on Service, Guidance, and Expertise.","sameAs":["https:\/\/lrgrealty.com"],"url":"https:\/\/lrgrealty.com\/lrg-blog\/author\/lrgrealtyblogs\/"}]}},"_links":{"self":[{"href":"https:\/\/lrgrealty.com\/lrg-blog\/wp-json\/wp\/v2\/posts\/3789","targetHints":{"allow":["GET"]}}],"collection":[{"href":"https:\/\/lrgrealty.com\/lrg-blog\/wp-json\/wp\/v2\/posts"}],"about":[{"href":"https:\/\/lrgrealty.com\/lrg-blog\/wp-json\/wp\/v2\/types\/post"}],"author":[{"embeddable":true,"href":"https:\/\/lrgrealty.com\/lrg-blog\/wp-json\/wp\/v2\/users\/1"}],"replies":[{"embeddable":true,"href":"https:\/\/lrgrealty.com\/lrg-blog\/wp-json\/wp\/v2\/comments?post=3789"}],"version-history":[{"count":1,"href":"https:\/\/lrgrealty.com\/lrg-blog\/wp-json\/wp\/v2\/posts\/3789\/revisions"}],"predecessor-version":[{"id":9873,"href":"https:\/\/lrgrealty.com\/lrg-blog\/wp-json\/wp\/v2\/posts\/3789\/revisions\/9873"}],"wp:featuredmedia":[{"embeddable":true,"href":"https:\/\/lrgrealty.com\/lrg-blog\/wp-json\/wp\/v2\/media\/7730"}],"wp:attachment":[{"href":"https:\/\/lrgrealty.com\/lrg-blog\/wp-json\/wp\/v2\/media?parent=3789"}],"wp:term":[{"taxonomy":"category","embeddable":true,"href":"https:\/\/lrgrealty.com\/lrg-blog\/wp-json\/wp\/v2\/categories?post=3789"},{"taxonomy":"post_tag","embeddable":true,"href":"https:\/\/lrgrealty.com\/lrg-blog\/wp-json\/wp\/v2\/tags?post=3789"}],"curies":[{"name":"wp","href":"https:\/\/api.w.org\/{rel}","templated":true}]}}